{"id":1762,"global_id":"soniamoya.com?id=1762","global_id_lineage":["soniamoya.com?id=1762"],"author":"2","status":"publish","date":"2025-09-13 06:12:04","date_utc":"2025-09-13 06:12:04","modified":"2025-09-13 06:13:45","modified_utc":"2025-09-13 06:13:45","url":"https:\/\/soniamoya.com\/index.php\/event\/dret-a-la-llengua-un-dret-cultural\/","rest_url":"https:\/\/soniamoya.com\/index.php\/wp-json\/tribe\/events\/v1\/events\/1762","title":"Dret a la llengua. Un dret cultural","description":"<p>Dues taules de di\u00e0leg i una lectura po\u00e8tica i musical per celebrar la vitalitat de les lleng\u00fces minoritzades.<\/p>\n<p>&nbsp;<\/p>","excerpt":"","slug":"dret-a-la-llengua-un-dret-cultural","image":{"url":"https:\/\/soniamoya.com\/wp-content\/uploads\/2025\/09\/Cartell_PEN_29set25-scaled.jpeg","id":1763,"extension":"jpeg","width":2560,"height":1816,"filesize":392842,"sizes":{"medium":{"width":300,"height":213,"mime-type":"image\/jpeg","filesize":15466,"url":"https:\/\/soniamoya.com\/wp-content\/uploads\/2025\/09\/Cartell_PEN_29set25-300x213.jpeg"},"large":{"width":1024,"height":727,"mime-type":"image\/jpeg","filesize":115425,"url":"https:\/\/soniamoya.com\/wp-content\/uploads\/2025\/09\/Cartell_PEN_29set25-1024x727.jpeg"},"thumbnail":{"width":150,"height":150,"mime-type":"image\/jpeg","filesize":5883,"url":"https:\/\/soniamoya.com\/wp-content\/uploads\/2025\/09\/Cartell_PEN_29set25-150x150.jpeg"},"medium_large":{"width":768,"height":545,"mime-type":"image\/jpeg","filesize":75777,"url":"https:\/\/soniamoya.com\/wp-content\/uploads\/2025\/09\/Cartell_PEN_29set25-768x545.jpeg"},"1536x1536":{"width":1536,"height":1090,"mime-type":"image\/jpeg","filesize":198321,"url":"https:\/\/soniamoya.com\/wp-content\/uploads\/2025\/09\/Cartell_PEN_29set25-1536x1090.jpeg"},"2048x2048":{"width":2048,"height":1453,"mime-type":"image\/jpeg","filesize":287626,"url":"https:\/\/soniamoya.com\/wp-content\/uploads\/2025\/09\/Cartell_PEN_29set25-2048x1453.jpeg"},"twentyseventeen-featured-image":{"width":2000,"height":1200,"mime-type":"image\/jpeg","filesize":236249,"url":"https:\/\/soniamoya.com\/wp-content\/uploads\/2025\/09\/Cartell_PEN_29set25-2000x1200.jpeg"},"twentyseventeen-thumbnail-avatar":{"width":100,"height":100,"mime-type":"image\/jpeg","filesize":3316,"url":"https:\/\/soniamoya.com\/wp-content\/uploads\/2025\/09\/Cartell_PEN_29set25-100x100.jpeg"}},"original_image":"Cartell_PEN_29set25.jpeg"},"all_day":false,"start_date":"2025-09-29 20:00:00","start_date_details":{"year":"2025","month":"09","day":"29","hour":"20","minutes":"00","seconds":"00"},"end_date":"2025-09-29 20:00:00","end_date_details":{"year":"2025","month":"09","day":"29","hour":"20","minutes":"00","seconds":"00"},"utc_start_date":"2025-09-29 20:00:00","utc_start_date_details":{"year":"2025","month":"09","day":"29","hour":"20","minutes":"00","seconds":"00"},"utc_end_date":"2025-09-29 20:00:00","utc_end_date_details":{"year":"2025","month":"09","day":"29","hour":"20","minutes":"00","seconds":"00"},"timezone":"UTC+0","timezone_abbr":"UTC+0","cost":"","cost_details":{"currency_symbol":"","currency_position":"prefix","values":[]},"website":"","show_map":true,"show_map_link":true,"hide_from_listings":false,"sticky":false,"featured":false,"categories":[],"tags":[],"venue":{"id":1764,"author":"2","status":"publish","date":"2025-09-13 06:12:04","date_utc":"2025-09-13 06:12:04","modified":"2025-09-13 06:12:04","modified_utc":"2025-09-13 06:12:04","url":"https:\/\/soniamoya.com\/index.php\/recinte\/lantic-teatre-barcelona\/","venue":"L&#8217;Antic Teatre (Barcelona)","slug":"lantic-teatre-barcelona","json_ld":{"@type":"Place","name":"L&#8217;Antic Teatre (Barcelona)","description":"","url":"","address":{"@type":"PostalAddress"},"telephone":"","sameAs":""},"show_map":true,"show_map_link":true,"global_id":"soniamoya.com?id=1764","global_id_lineage":["soniamoya.com?id=1764"]},"organizer":[],"json_ld":{"@context":"http:\/\/schema.org","@type":"Event","name":"Dret a la llengua. Un dret cultural","description":"&lt;p&gt;Dues taules de di\u00e0leg i una lectura po\u00e8tica i musical per celebrar la vitalitat de les lleng\u00fces minoritzades. &nbsp;&lt;\/p&gt;\\n","image":"https:\/\/soniamoya.com\/wp-content\/uploads\/2025\/09\/Cartell_PEN_29set25-scaled.jpeg","url":"https:\/\/soniamoya.com\/index.php\/event\/dret-a-la-llengua-un-dret-cultural\/","startDate":"2025-09-29T20:00:00+00:00","endDate":"2025-09-29T20:00:00+00:00","location":{"@type":"Place","name":"L&#8217;Antic Teatre (Barcelona)","description":"","url":"","address":{"@type":"PostalAddress"},"telephone":"","sameAs":""},"performer":"Organization"}}