{"id":1879,"global_id":"soniamoya.com?id=1879","global_id_lineage":["soniamoya.com?id=1879"],"author":"2","status":"publish","date":"2026-04-26 17:39:08","date_utc":"2026-04-26 17:39:08","modified":"2026-04-26 17:39:10","modified_utc":"2026-04-26 17:39:10","url":"https:\/\/soniamoya.com\/index.php\/event\/presentacio-de-llera-6\/","rest_url":"https:\/\/soniamoya.com\/index.php\/wp-json\/tribe\/events\/v1\/events\/1879","title":"Presentaci\u00f3 de Llera","description":"<p>Ampla i serena o estreta i abrupta, la llera marca \u2014fr\u00e0gilment per\u00f2 tossuda\u2014 els l\u00edmits de l\u2019aigua que la senyoreja; en la llera s\u2019acumulen sorres, pedres, sediments, troncs, restes de records de cat\u00e0strofes i riuades; en temps de sequera, la llera \u00e9s la guardiana de la mem\u00f2ria de l\u2019aigua, la que ens recorda i ens adverteix del perill d\u2019oblidar el cam\u00ed que l\u2019aigua va marcar, i espera pacient perqu\u00e8 sap que, inevitable, tornar\u00e0 a c\u00f3rrer pel seu cos eixut, amansir\u00e0 les cicatrius i omplir\u00e0 de verd i de vida els seus marges. La llera \u00e9s resistent perqu\u00e8 sap que res no la destrueix, nom\u00e9s la modifica i que aix\u00f2 la fa m\u00e9s forta.<\/p>\n<p>Les nostres vides s\u00f3n rius, ens deia Jorge Manrique. La poeta S\u00f2nia Moya li respon amb una met\u00e0fora potent i agosarada que recorre tot el seu poemari: potser les nostres vides no s\u00f3n rius, potser les nostres vides s\u00f3n lleres, eixutes i ufanoses, clivellades i desbordants. I tamb\u00e9 plenes de misteris i d\u2019enigmes, com les pedres precioses i resplendents que dormen enterrades als llots de les nostres entranyes.<\/p>","excerpt":"<p>Amb Rosa Font<\/p>","slug":"presentacio-de-llera-6","image":{"url":"https:\/\/soniamoya.com\/wp-content\/uploads\/2026\/04\/Coberta_LLERA_.png","id":1859,"extension":"png","width":1000,"height":1622,"filesize":1159069,"sizes":{"medium":{"width":185,"height":300,"mime-type":"image\/png","filesize":20017,"url":"https:\/\/soniamoya.com\/wp-content\/uploads\/2026\/04\/Coberta_LLERA_-185x300.png"},"large":{"width":631,"height":1024,"mime-type":"image\/png","filesize":141234,"url":"https:\/\/soniamoya.com\/wp-content\/uploads\/2026\/04\/Coberta_LLERA_-631x1024.png"},"thumbnail":{"width":150,"height":150,"mime-type":"image\/png","filesize":8391,"url":"https:\/\/soniamoya.com\/wp-content\/uploads\/2026\/04\/Coberta_LLERA_-150x150.png"},"medium_large":{"width":768,"height":1246,"mime-type":"image\/png","filesize":195554,"url":"https:\/\/soniamoya.com\/wp-content\/uploads\/2026\/04\/Coberta_LLERA_-768x1246.png"},"1536x1536":{"width":947,"height":1536,"mime-type":"image\/png","filesize":280760,"url":"https:\/\/soniamoya.com\/wp-content\/uploads\/2026\/04\/Coberta_LLERA_-947x1536.png"},"twentyseventeen-featured-image":{"width":1000,"height":1200,"mime-type":"image\/png","filesize":245253,"url":"https:\/\/soniamoya.com\/wp-content\/uploads\/2026\/04\/Coberta_LLERA_-1000x1200.png"},"twentyseventeen-thumbnail-avatar":{"width":100,"height":100,"mime-type":"image\/png","filesize":4251,"url":"https:\/\/soniamoya.com\/wp-content\/uploads\/2026\/04\/Coberta_LLERA_-100x100.png"}}},"all_day":false,"start_date":"2026-06-10 19:00:00","start_date_details":{"year":"2026","month":"06","day":"10","hour":"19","minutes":"00","seconds":"00"},"end_date":"2026-06-10 19:00:00","end_date_details":{"year":"2026","month":"06","day":"10","hour":"19","minutes":"00","seconds":"00"},"utc_start_date":"2026-06-10 19:00:00","utc_start_date_details":{"year":"2026","month":"06","day":"10","hour":"19","minutes":"00","seconds":"00"},"utc_end_date":"2026-06-10 19:00:00","utc_end_date_details":{"year":"2026","month":"06","day":"10","hour":"19","minutes":"00","seconds":"00"},"timezone":"UTC+0","timezone_abbr":"UTC+0","cost":"","cost_details":{"currency_symbol":"","currency_position":"prefix","values":[]},"website":"","show_map":true,"show_map_link":true,"hide_from_listings":false,"sticky":false,"featured":false,"categories":[],"tags":[],"venue":{"id":1880,"author":"2","status":"publish","date":"2026-04-26 17:39:08","date_utc":"2026-04-26 17:39:08","modified":"2026-04-26 17:39:08","modified_utc":"2026-04-26 17:39:08","url":"https:\/\/soniamoya.com\/index.php\/recinte\/llibreria-22-girona\/","venue":"Llibreria 22 (Girona)","slug":"llibreria-22-girona","json_ld":{"@type":"Place","name":"Llibreria 22 (Girona)","description":"","url":"","address":{"@type":"PostalAddress"},"telephone":"","sameAs":""},"show_map":true,"show_map_link":true,"global_id":"soniamoya.com?id=1880","global_id_lineage":["soniamoya.com?id=1880"]},"organizer":[],"json_ld":{"@context":"http:\/\/schema.org","@type":"Event","name":"Presentaci\u00f3 de Llera","description":"&lt;p&gt;Amb Rosa Font&lt;\/p&gt;\\n","image":"https:\/\/soniamoya.com\/wp-content\/uploads\/2026\/04\/Coberta_LLERA_.png","url":"https:\/\/soniamoya.com\/index.php\/event\/presentacio-de-llera-6\/","startDate":"2026-06-10T19:00:00+00:00","endDate":"2026-06-10T19:00:00+00:00","location":{"@type":"Place","name":"Llibreria 22 (Girona)","description":"","url":"","address":{"@type":"PostalAddress"},"telephone":"","sameAs":""},"performer":"Organization"}}