{"id":1133,"date":"2021-06-22T19:47:38","date_gmt":"2021-06-22T19:47:38","guid":{"rendered":"https:\/\/www.soniamoya.com\/?p=1133"},"modified":"2021-11-05T11:19:44","modified_gmt":"2021-11-05T11:19:44","slug":"les-flors-del-desvari","status":"publish","type":"post","link":"https:\/\/soniamoya.com\/index.php\/2021\/06\/22\/les-flors-del-desvari\/","title":{"rendered":"Les flors del desvari"},"content":{"rendered":"<p>Les Flors del Desvari, que formen part de la Festa Verdaguer de Folgueroles, \u00e9s una festa com poques. Aqu\u00ed una mica d&#8217;info i un v\u00eddeo perqu\u00e8 vingueu l&#8217;any vinent.<\/p>\n<p><a href=\"https:\/\/el9nou.cat\/osona-ripolles\/cultura-i-gent\/video-noves-veus-poetiques-i-musicals-al-recital-flors-del-desvari\/\">https:\/\/el9nou.cat\/osona-ripolles\/cultura-i-gent\/video-noves-veus-poetiques-i-musicals-al-recital-flors-del-desvari\/<\/a><\/p>\n<p>&nbsp;<\/p>\n<p><iframe loading=\"lazy\" width=\"560\" height=\"315\" src=\"https:\/\/www.youtube.com\/embed\/xH-enoyHZsg\" title=\"YouTube video player\" frameborder=\"0\" allow=\"accelerometer; autoplay; clipboard-write; encrypted-media; gyroscope; picture-in-picture\" allowfullscreen><\/iframe><br \/>\n<!--\n\n<p><a href=\"https:\/\/www.youtube.com\/watch?v=xH-enoyHZsg\">https:\/\/www.youtube.com\/watch?v=xH-enoyHZsg<\/a><\/p>\n\n!--><\/p>\n<p>&nbsp;<\/p>\n<p><img loading=\"lazy\" decoding=\"async\" class=\"alignnone size-medium wp-image-1134\" src=\"http:\/\/www.soniamoya.com\/wp-content\/uploads\/2021\/06\/noticies221179-2021-05-25-300x169.jpg\" alt=\"\" width=\"300\" height=\"169\" srcset=\"https:\/\/soniamoya.com\/wp-content\/uploads\/2021\/06\/noticies221179-2021-05-25-300x169.jpg 300w, https:\/\/soniamoya.com\/wp-content\/uploads\/2021\/06\/noticies221179-2021-05-25.jpg 500w\" sizes=\"auto, (max-width: 300px) 100vw, 300px\" \/><\/p>\n","protected":false},"excerpt":{"rendered":"<p>Les Flors del Desvari, que formen part de la Festa Verdaguer de Folgueroles, \u00e9s una festa com poques. Aqu\u00ed una mica d&#8217;info i un v\u00eddeo perqu\u00e8 vingueu l&#8217;any vinent. https:\/\/el9nou.cat\/osona-ripolles\/cultura-i-gent\/video-noves-veus-poetiques-i-musicals-al-recital-flors-del-desvari\/ &nbsp; &nbsp;<\/p>\n","protected":false},"author":2,"featured_media":1134,"comment_status":"open","ping_status":"open","sticky":false,"template":"","format":"standard","meta":{"footnotes":""},"categories":[10],"tags":[],"class_list":["post-1133","post","type-post","status-publish","format-standard","has-post-thumbnail","hentry","category-blog"],"_links":{"self":[{"href":"https:\/\/soniamoya.com\/index.php\/wp-json\/wp\/v2\/posts\/1133","targetHints":{"allow":["GET"]}}],"collection":[{"href":"https:\/\/soniamoya.com\/index.php\/wp-json\/wp\/v2\/posts"}],"about":[{"href":"https:\/\/soniamoya.com\/index.php\/wp-json\/wp\/v2\/types\/post"}],"author":[{"embeddable":true,"href":"https:\/\/soniamoya.com\/index.php\/wp-json\/wp\/v2\/users\/2"}],"replies":[{"embeddable":true,"href":"https:\/\/soniamoya.com\/index.php\/wp-json\/wp\/v2\/comments?post=1133"}],"version-history":[{"count":38,"href":"https:\/\/soniamoya.com\/index.php\/wp-json\/wp\/v2\/posts\/1133\/revisions"}],"predecessor-version":[{"id":1226,"href":"https:\/\/soniamoya.com\/index.php\/wp-json\/wp\/v2\/posts\/1133\/revisions\/1226"}],"wp:featuredmedia":[{"embeddable":true,"href":"https:\/\/soniamoya.com\/index.php\/wp-json\/wp\/v2\/media\/1134"}],"wp:attachment":[{"href":"https:\/\/soniamoya.com\/index.php\/wp-json\/wp\/v2\/media?parent=1133"}],"wp:term":[{"taxonomy":"category","embeddable":true,"href":"https:\/\/soniamoya.com\/index.php\/wp-json\/wp\/v2\/categories?post=1133"},{"taxonomy":"post_tag","embeddable":true,"href":"https:\/\/soniamoya.com\/index.php\/wp-json\/wp\/v2\/tags?post=1133"}],"curies":[{"name":"wp","href":"https:\/\/api.w.org\/{rel}","templated":true}]}}