{"id":1239,"date":"2021-12-28T06:02:58","date_gmt":"2021-12-28T06:02:58","guid":{"rendered":"https:\/\/www.soniamoya.com\/?p=1239"},"modified":"2021-12-28T06:03:03","modified_gmt":"2021-12-28T06:03:03","slug":"la-poesia-als-instituts","status":"publish","type":"post","link":"https:\/\/soniamoya.com\/index.php\/2021\/12\/28\/la-poesia-als-instituts\/","title":{"rendered":"La poesia als instituts"},"content":{"rendered":"<p>El Monstre de la Poesia segueix fent estralls arreu! Enguany s&#8217;ha colat fort als instituts, i est\u00e0 fent prou mal. Aqu\u00ed les mostres de les seq\u00fceles de l&#8217;experimentaci\u00f3 amb la connotaci\u00f3 dels colors, la metaforitzaci\u00f3 a trav\u00e9s del joc, l&#8217;<em>arbre al nostre cam\u00ed<\/em> o el poema-collage (inspirat en una idea de l&#8217;estimat Josep Pedrals) a l&#8217;Institut Manresa SIS i l&#8217;Escola Vedruna de Cardona.<\/p>\n<p>Tot aix\u00f2, gr\u00e0cies al POT del CRP del Bages. I als instituts valents que no tenen por del monstre!<\/p>\n<p><img loading=\"lazy\" decoding=\"async\" class=\"alignnone size-medium wp-image-1250\" src=\"http:\/\/www.soniamoya.com\/wp-content\/uploads\/2021\/12\/IMG_20211210_115625-300x225.jpg\" alt=\"\" width=\"300\" height=\"225\" srcset=\"https:\/\/soniamoya.com\/wp-content\/uploads\/2021\/12\/IMG_20211210_115625-300x225.jpg 300w, https:\/\/soniamoya.com\/wp-content\/uploads\/2021\/12\/IMG_20211210_115625-1024x768.jpg 1024w, https:\/\/soniamoya.com\/wp-content\/uploads\/2021\/12\/IMG_20211210_115625-768x576.jpg 768w, https:\/\/soniamoya.com\/wp-content\/uploads\/2021\/12\/IMG_20211210_115625-1536x1152.jpg 1536w, https:\/\/soniamoya.com\/wp-content\/uploads\/2021\/12\/IMG_20211210_115625-2048x1536.jpg 2048w\" sizes=\"auto, (max-width: 300px) 100vw, 300px\" \/> <img loading=\"lazy\" decoding=\"async\" class=\"alignnone size-medium wp-image-1249\" src=\"http:\/\/www.soniamoya.com\/wp-content\/uploads\/2021\/12\/IMG_20211126_121108-300x225.jpg\" alt=\"\" width=\"300\" height=\"225\" srcset=\"https:\/\/soniamoya.com\/wp-content\/uploads\/2021\/12\/IMG_20211126_121108-300x225.jpg 300w, https:\/\/soniamoya.com\/wp-content\/uploads\/2021\/12\/IMG_20211126_121108-1024x768.jpg 1024w, https:\/\/soniamoya.com\/wp-content\/uploads\/2021\/12\/IMG_20211126_121108-768x576.jpg 768w, https:\/\/soniamoya.com\/wp-content\/uploads\/2021\/12\/IMG_20211126_121108-1536x1152.jpg 1536w, https:\/\/soniamoya.com\/wp-content\/uploads\/2021\/12\/IMG_20211126_121108-2048x1536.jpg 2048w\" sizes=\"auto, (max-width: 300px) 100vw, 300px\" \/> <img loading=\"lazy\" decoding=\"async\" class=\"alignnone size-medium wp-image-1248\" src=\"http:\/\/www.soniamoya.com\/wp-content\/uploads\/2021\/12\/IMG-20211215-WA0052-225x300.jpg\" alt=\"\" width=\"225\" height=\"300\" srcset=\"https:\/\/soniamoya.com\/wp-content\/uploads\/2021\/12\/IMG-20211215-WA0052-225x300.jpg 225w, https:\/\/soniamoya.com\/wp-content\/uploads\/2021\/12\/IMG-20211215-WA0052-768x1024.jpg 768w, https:\/\/soniamoya.com\/wp-content\/uploads\/2021\/12\/IMG-20211215-WA0052-1152x1536.jpg 1152w, https:\/\/soniamoya.com\/wp-content\/uploads\/2021\/12\/IMG-20211215-WA0052.jpg 1536w\" sizes=\"auto, (max-width: 225px) 100vw, 225px\" \/> <img loading=\"lazy\" decoding=\"async\" class=\"alignnone size-medium wp-image-1247\" src=\"http:\/\/www.soniamoya.com\/wp-content\/uploads\/2021\/12\/IMG-20211215-WA0051-300x225.jpg\" alt=\"\" width=\"300\" height=\"225\" srcset=\"https:\/\/soniamoya.com\/wp-content\/uploads\/2021\/12\/IMG-20211215-WA0051-300x225.jpg 300w, https:\/\/soniamoya.com\/wp-content\/uploads\/2021\/12\/IMG-20211215-WA0051-1024x768.jpg 1024w, https:\/\/soniamoya.com\/wp-content\/uploads\/2021\/12\/IMG-20211215-WA0051-768x576.jpg 768w, https:\/\/soniamoya.com\/wp-content\/uploads\/2021\/12\/IMG-20211215-WA0051-1536x1152.jpg 1536w, https:\/\/soniamoya.com\/wp-content\/uploads\/2021\/12\/IMG-20211215-WA0051.jpg 2048w\" sizes=\"auto, (max-width: 300px) 100vw, 300px\" \/> <img loading=\"lazy\" decoding=\"async\" class=\"alignnone size-medium wp-image-1246\" src=\"http:\/\/www.soniamoya.com\/wp-content\/uploads\/2021\/12\/IMG_20211221_102300-300x225.jpg\" alt=\"\" width=\"300\" height=\"225\" srcset=\"https:\/\/soniamoya.com\/wp-content\/uploads\/2021\/12\/IMG_20211221_102300-300x225.jpg 300w, https:\/\/soniamoya.com\/wp-content\/uploads\/2021\/12\/IMG_20211221_102300-1024x768.jpg 1024w, https:\/\/soniamoya.com\/wp-content\/uploads\/2021\/12\/IMG_20211221_102300-768x576.jpg 768w, https:\/\/soniamoya.com\/wp-content\/uploads\/2021\/12\/IMG_20211221_102300-1536x1152.jpg 1536w, https:\/\/soniamoya.com\/wp-content\/uploads\/2021\/12\/IMG_20211221_102300-2048x1536.jpg 2048w\" sizes=\"auto, (max-width: 300px) 100vw, 300px\" \/> <img loading=\"lazy\" decoding=\"async\" class=\"alignnone size-medium wp-image-1242\" src=\"http:\/\/www.soniamoya.com\/wp-content\/uploads\/2021\/12\/20211214_4-300x169.jpg\" alt=\"\" width=\"300\" height=\"169\" srcset=\"https:\/\/soniamoya.com\/wp-content\/uploads\/2021\/12\/20211214_4-300x169.jpg 300w, https:\/\/soniamoya.com\/wp-content\/uploads\/2021\/12\/20211214_4-768x432.jpg 768w, https:\/\/soniamoya.com\/wp-content\/uploads\/2021\/12\/20211214_4.jpg 1024w\" sizes=\"auto, (max-width: 300px) 100vw, 300px\" \/> <img loading=\"lazy\" decoding=\"async\" class=\"alignnone size-medium wp-image-1243\" src=\"http:\/\/www.soniamoya.com\/wp-content\/uploads\/2021\/12\/20211214_5-300x169.jpg\" alt=\"\" width=\"300\" height=\"169\" srcset=\"https:\/\/soniamoya.com\/wp-content\/uploads\/2021\/12\/20211214_5-300x169.jpg 300w, https:\/\/soniamoya.com\/wp-content\/uploads\/2021\/12\/20211214_5-768x432.jpg 768w, https:\/\/soniamoya.com\/wp-content\/uploads\/2021\/12\/20211214_5.jpg 1024w\" sizes=\"auto, (max-width: 300px) 100vw, 300px\" \/> <img loading=\"lazy\" decoding=\"async\" class=\"alignnone size-medium wp-image-1244\" src=\"http:\/\/www.soniamoya.com\/wp-content\/uploads\/2021\/12\/20211214_6-169x300.jpg\" alt=\"\" width=\"169\" height=\"300\" srcset=\"https:\/\/soniamoya.com\/wp-content\/uploads\/2021\/12\/20211214_6-169x300.jpg 169w, https:\/\/soniamoya.com\/wp-content\/uploads\/2021\/12\/20211214_6.jpg 576w\" sizes=\"auto, (max-width: 169px) 100vw, 169px\" \/> <img loading=\"lazy\" decoding=\"async\" class=\"alignnone size-medium wp-image-1245\" src=\"http:\/\/www.soniamoya.com\/wp-content\/uploads\/2021\/12\/20211214_7-300x169.jpg\" alt=\"\" width=\"300\" height=\"169\" srcset=\"https:\/\/soniamoya.com\/wp-content\/uploads\/2021\/12\/20211214_7-300x169.jpg 300w, https:\/\/soniamoya.com\/wp-content\/uploads\/2021\/12\/20211214_7-768x432.jpg 768w, https:\/\/soniamoya.com\/wp-content\/uploads\/2021\/12\/20211214_7.jpg 1024w\" sizes=\"auto, (max-width: 300px) 100vw, 300px\" \/> <img loading=\"lazy\" decoding=\"async\" class=\"alignnone size-medium wp-image-1240\" src=\"http:\/\/www.soniamoya.com\/wp-content\/uploads\/2021\/12\/20211214_1-300x169.jpg\" alt=\"\" width=\"300\" height=\"169\" srcset=\"https:\/\/soniamoya.com\/wp-content\/uploads\/2021\/12\/20211214_1-300x169.jpg 300w, https:\/\/soniamoya.com\/wp-content\/uploads\/2021\/12\/20211214_1-768x432.jpg 768w, https:\/\/soniamoya.com\/wp-content\/uploads\/2021\/12\/20211214_1.jpg 1024w\" sizes=\"auto, (max-width: 300px) 100vw, 300px\" \/><\/p>\n<p align=\"left\"><span style=\"color: #000000\"><span style=\"font-family: DejaVu Sans, sans-serif\"><span style=\"font-size: small\">Tu ets de color blanc,<\/span><\/span><\/span><\/p>\n<p align=\"left\"><span style=\"color: #000000\"><span style=\"font-family: DejaVu Sans, sans-serif\"><span style=\"font-size: small\">Blanca com la neu,<\/span><\/span><\/span><\/p>\n<p align=\"left\"><span style=\"color: #000000\"><span style=\"font-family: DejaVu Sans, sans-serif\"><span style=\"font-size: small\">la neu g\u00e8lida<\/span><\/span><\/span><\/p>\n<p align=\"left\"><span style=\"color: #000000\"><span style=\"font-family: DejaVu Sans, sans-serif\"><span style=\"font-size: small\">de les muntanyes m\u00e9s altes<\/span><\/span><\/span><\/p>\n<p align=\"left\"><span style=\"color: #000000\"><span style=\"font-family: DejaVu Sans, sans-serif\"><span style=\"font-size: small\">que es desf\u00e0 quan<\/span><\/span><\/span><\/p>\n<p align=\"left\"><span style=\"color: #000000\"><span style=\"font-family: DejaVu Sans, sans-serif\"><span style=\"font-size: small\">l&#8217;hivern desapareix.<\/span><\/span><\/span><\/p>\n<p align=\"left\"><span style=\"color: #000000\"><span style=\"font-family: DejaVu Sans, sans-serif\"><span style=\"font-size: small\">Despr\u00e9s, aquesta<\/span><\/span><\/span><\/p>\n<p align=\"left\"><span style=\"color: #000000\"><span style=\"font-family: DejaVu Sans, sans-serif\"><span style=\"font-size: small\">empr\u00e8n un llarg viatge<\/span><\/span><\/span><\/p>\n<p align=\"left\"><span style=\"color: #000000\"><span style=\"font-family: DejaVu Sans, sans-serif\"><span style=\"font-size: small\">a la recerca del seu cam\u00ed<\/span><\/span><\/span><\/p>\n<p align=\"left\"><span style=\"color: #000000\"><span style=\"font-family: DejaVu Sans, sans-serif\"><span style=\"font-size: small\">i es transforma.<\/span><\/span><\/span><\/p>\n<p align=\"left\"><span style=\"color: #000000\"><span style=\"font-family: DejaVu Sans, sans-serif\"><span style=\"font-size: small\">S&#8217;evapora o cau en forma d&#8217;aigua,<\/span><\/span><\/span><\/p>\n<p align=\"left\"><span style=\"color: #000000\"><span style=\"font-family: DejaVu Sans, sans-serif\"><span style=\"font-size: small\">lentament o r\u00e0pidament,<\/span><\/span><\/span><\/p>\n<p align=\"left\"><span style=\"color: #000000\"><span style=\"font-family: DejaVu Sans, sans-serif\"><span style=\"font-size: small\">cap amunt o cap avall,<\/span><\/span><\/span><\/p>\n<p align=\"left\"><span style=\"color: #000000\"><span style=\"font-family: DejaVu Sans, sans-serif\"><span style=\"font-size: small\">fins arribar al seu dest\u00ed<\/span><\/span><\/span><\/p>\n<p align=\"left\"><span style=\"color: #000000\"><span style=\"font-family: DejaVu Sans, sans-serif\"><span style=\"font-size: small\">per comen\u00e7ar un nou recorregut.<\/span><\/span><\/span><\/p>\n<p align=\"right\"><span style=\"color: #000000\"><span style=\"font-family: DejaVu Sans, sans-serif\"><span style=\"font-size: small\">Ona (4<sup>t<\/sup> ESO, Manresa SIS)<\/span><\/span><\/span><\/p>\n<p align=\"left\"><span style=\"color: #000000\"><span style=\"font-family: DejaVu Sans, sans-serif\"><span style=\"font-size: small\"><b>C<\/b><\/span><\/span><\/span><span style=\"color: #000000\"><span style=\"font-family: DejaVu Sans, sans-serif\"><span style=\"font-size: small\"><b>om el verd d\u2019aquell arbre <\/b><\/span><\/span><\/span><\/p>\n<p align=\"left\"><span style=\"color: #000000\"><span style=\"font-family: DejaVu Sans, sans-serif\"><span style=\"font-size: small\">Com el verd d&#8217;aquell arbre<\/span><\/span><\/span><\/p>\n<p align=\"left\"><span style=\"color: #000000\"><span style=\"font-family: DejaVu Sans, sans-serif\"><span style=\"font-size: small\">que creix tossut,<\/span><\/span><\/span><\/p>\n<p align=\"left\"><span style=\"color: #000000\"><span style=\"font-family: DejaVu Sans, sans-serif\"><span style=\"font-size: small\">alliberant les seves branques<\/span><\/span><\/span><\/p>\n<p align=\"left\"><span style=\"color: #000000\"><span style=\"font-family: DejaVu Sans, sans-serif\"><span style=\"font-size: small\">que dibuixen formes \u00faniques al cel.<\/span><\/span><\/span><\/p>\n<p align=\"left\"><span style=\"color: #000000\"><span style=\"font-family: DejaVu Sans, sans-serif\"><span style=\"font-size: small\">Com el verd d&#8217;aquell arbre diferent,<\/span><\/span><\/span><\/p>\n<p align=\"left\"><span style=\"color: #000000\"><span style=\"font-family: DejaVu Sans, sans-serif\"><span style=\"font-size: small\">per\u00f2 que fa els fruits m\u00e9s gustosos.<\/span><\/span><\/span><\/p>\n<p align=\"left\"><span style=\"color: #000000\"><span style=\"font-family: DejaVu Sans, sans-serif\"><span style=\"font-size: small\">Com el verd d&#8217;aquell arbre.<\/span><\/span><\/span><\/p>\n<p align=\"left\"><span style=\"color: #000000\"><span style=\"font-family: DejaVu Sans, sans-serif\"><span style=\"font-size: small\">Aix\u00ed ets tu.<\/span><\/span><\/span><\/p>\n<p align=\"right\"><span style=\"color: #000000\"><span style=\"font-family: DejaVu Sans, sans-serif\"><span style=\"font-size: small\">Jana (4<sup>t<\/sup> ESO, Manresa SIS)<\/span><\/span><\/span><\/p>\n<p><span style=\"color: #000000\"><span style=\"font-family: DejaVu Sans, sans-serif\"><span style=\"font-size: small\"><b>U<\/b><\/span><\/span><\/span><span style=\"color: #000000\"><span style=\"font-family: DejaVu Sans, sans-serif\"><span style=\"font-size: small\"><b>n mirall<\/b><\/span><\/span><\/span><\/p>\n<p><span style=\"color: #000000\"><span style=\"font-family: DejaVu Sans, sans-serif\"><span style=\"font-size: small\">Soc un univers<\/span><\/span><\/span><\/p>\n<p><span style=\"color: #000000\"><span style=\"font-family: DejaVu Sans, sans-serif\"><span style=\"font-size: small\">que es va expandint amb el pas del temps,<\/span><\/span><\/span><\/p>\n<p><span style=\"color: #000000\"><span style=\"font-family: DejaVu Sans, sans-serif\"><span style=\"font-size: small\">s&#8217;omple de les estrelles m\u00e9s boniques,<\/span><\/span><\/span><\/p>\n<p><span style=\"color: #000000\"><span style=\"font-family: DejaVu Sans, sans-serif\"><span style=\"font-size: small\">per\u00f2 tamb\u00e9 de forats negres.<\/span><\/span><\/span><\/p>\n<p><span style=\"color: #000000\"><span style=\"font-family: DejaVu Sans, sans-serif\"><span style=\"font-size: small\">Davant meu, un mirall,<\/span><\/span><\/span><\/p>\n<p><span style=\"color: #000000\"><span style=\"font-family: DejaVu Sans, sans-serif\"><span style=\"font-size: small\">tan sols un miratge,<\/span><\/span><\/span><\/p>\n<p><span style=\"color: #000000\"><span style=\"font-family: DejaVu Sans, sans-serif\"><span style=\"font-size: small\">amb tot el seu esplendor,<\/span><\/span><\/span><\/p>\n<p><span style=\"color: #000000\"><span style=\"font-family: DejaVu Sans, sans-serif\"><span style=\"font-size: small\">per\u00f2 nom\u00e9s una il\u00b7lusi\u00f3.<\/span><\/span><\/span><\/p>\n<p><span style=\"color: #000000\"><span style=\"font-family: DejaVu Sans, sans-serif\"><span style=\"font-size: small\">Et miro i tu em mires,<\/span><\/span><\/span><\/p>\n<p><span style=\"color: #000000\"><span style=\"font-family: DejaVu Sans, sans-serif\"><span style=\"font-size: small\">per\u00f2 no s\u00e9 si em veus,<\/span><\/span><\/span><\/p>\n<p><span style=\"color: #000000\"><span style=\"font-family: DejaVu Sans, sans-serif\"><span style=\"font-size: small\">nom\u00e9s em queda l\u2019esperan\u00e7a<\/span><\/span><\/span><\/p>\n<p><span style=\"color: #000000\"><span style=\"font-family: DejaVu Sans, sans-serif\"><span style=\"font-size: small\">de pensar que est\u00e0s all\u00e0.<\/span><\/span><\/span><\/p>\n<p><span style=\"color: #000000\"><span style=\"font-family: DejaVu Sans, sans-serif\"><span style=\"font-size: small\">Veig els teus forats negres,<\/span><\/span><\/span><\/p>\n<p><span style=\"color: #000000\"><span style=\"font-family: DejaVu Sans, sans-serif\"><span style=\"font-size: small\">per\u00f2 sobretot,<\/span><\/span><\/span><\/p>\n<p><span style=\"color: #000000\"><span style=\"font-family: DejaVu Sans, sans-serif\"><span style=\"font-size: small\">veig les estrelles m\u00e9s brillants,<\/span><\/span><\/span><\/p>\n<p><span style=\"color: #000000\"><span style=\"font-family: DejaVu Sans, sans-serif\"><span style=\"font-size: small\">estrelles que inspiren les meves.<\/span><\/span><\/span><\/p>\n<p><span style=\"color: #000000\"><span style=\"font-family: DejaVu Sans, sans-serif\"><span style=\"font-size: small\">Ara ho entenc,<\/span><\/span><\/span><\/p>\n<p><span style=\"color: #000000\"><span style=\"font-family: DejaVu Sans, sans-serif\"><span style=\"font-size: small\">ets la meva inspiraci\u00f3,<\/span><\/span><\/span><\/p>\n<p><span style=\"color: #000000\"><span style=\"font-family: DejaVu Sans, sans-serif\"><span style=\"font-size: small\">soc jo qui et segueix a tu,<\/span><\/span><\/span><\/p>\n<p><span style=\"color: #000000\"><span style=\"font-family: DejaVu Sans, sans-serif\"><span style=\"font-size: small\">potser soc jo el mirall.<\/span><\/span><\/span><\/p>\n<p align=\"right\"><span style=\"color: #000000\"><span style=\"font-family: DejaVu Sans, sans-serif\"><span style=\"font-size: small\">Clara (4<sup>t<\/sup> ESO, Manresa SIS)<\/span><\/span><\/span><\/p>\n<p><span style=\"color: #000000\"><span style=\"font-family: DejaVu Sans, sans-serif\"><span style=\"font-size: small\"><b>L&#8217;interrogant, la vida!<\/b><\/span><\/span><\/span><\/p>\n<p align=\"left\"><span style=\"color: #000000\"><span style=\"font-family: DejaVu Sans, sans-serif\"><span style=\"font-size: small\">La pluja tremola en el meu interior,<\/span><\/span><\/span><\/p>\n<p align=\"left\"><span style=\"color: #000000\"><span style=\"font-family: DejaVu Sans, sans-serif\"><span style=\"font-size: small\">ben feli\u00e7 em poso botes d&#8217;aigua .<\/span><\/span><\/span><\/p>\n<p align=\"left\"><span style=\"color: #000000\"><span style=\"font-family: DejaVu Sans, sans-serif\"><span style=\"font-size: small\">Si plou, la felicitat no s&#8217;esfuma,<\/span><\/span><\/span><\/p>\n<p align=\"left\"><span style=\"color: #000000\"><span style=\"font-family: DejaVu Sans, sans-serif\"><span style=\"font-size: small\">al contrari, canta aventures sense fi.<\/span><\/span><\/span><\/p>\n<p align=\"left\"><span style=\"color: #000000\"><span style=\"font-family: DejaVu Sans, sans-serif\"><span style=\"font-size: small\">Salto i canto sobre el bassal.<\/span><\/span><\/span><\/p>\n<p align=\"left\"><span style=\"color: #000000\"><span style=\"font-family: DejaVu Sans, sans-serif\"><span style=\"font-size: small\">De cop soc a terra amb molt dolor.<\/span><\/span><\/span><\/p>\n<p align=\"left\"><span style=\"color: #000000\"><span style=\"font-family: DejaVu Sans, sans-serif\"><span style=\"font-size: small\">Arriba la mare i m&#8217;ajuda a aixecar-me.<\/span><\/span><\/span><\/p>\n<p align=\"left\"><span style=\"color: #000000\"><span style=\"font-family: DejaVu Sans, sans-serif\"><span style=\"font-size: small\">\u00c9s de nit i m&#8217;adono que la vida \u00e9s el millor regal.<\/span><\/span><\/span><\/p>\n<p align=\"right\"><span style=\"font-family: DejaVu Sans, sans-serif\"><span style=\"font-size: small\"><span style=\"color: #000000\">Aya <\/span><span style=\"color: #000000\">(1<\/span><span style=\"color: #000000\"><sup>r<\/sup><\/span><span style=\"color: #000000\"> ESO, Vedruna Cardona)<\/span><\/span><\/span><\/p>\n<p><span style=\"color: #000000\"><span style=\"font-family: DejaVu Sans, sans-serif\"><span style=\"font-size: small\"><b>C<\/b><\/span><\/span><\/span><span style=\"color: #000000\"><span style=\"font-family: DejaVu Sans, sans-serif\"><span style=\"font-size: small\"><b>asos sospitosos<\/b><\/span><\/span><\/span><\/p>\n<p><span style=\"color: #000000\"><span style=\"font-family: DejaVu Sans, sans-serif\"><span style=\"font-size: small\">Si tens febre, tos, sensaci\u00f3 de falta d\u2019aire,<\/span><\/span><\/span><\/p>\n<p><span style=\"color: #000000\"><span style=\"font-family: DejaVu Sans, sans-serif\"><span style=\"font-size: small\">qui estigui lliure d\u2019aix\u00f2,<\/span><\/span><\/span><\/p>\n<p><span style=\"color: #000000\"><span style=\"font-family: DejaVu Sans, sans-serif\"><span style=\"font-size: small\">que tiri la primera pedra.<\/span><\/span><\/span><\/p>\n<p><span style=\"font-family: DejaVu Sans, sans-serif\"><span style=\"font-size: small\"><span style=\"color: #000000\">T\u2019has de posar <\/span><span style=\"color: #000000\">en<\/span><span style=\"color: #000000\"> contacte r\u00e0pidament<\/span><\/span><\/span><\/p>\n<p><span style=\"color: #000000\"><span style=\"font-family: DejaVu Sans, sans-serif\"><span style=\"font-size: small\">amb els teus sentiments que fan que tot<\/span><\/span><\/span><\/p>\n<p><span style=\"color: #000000\"><span style=\"font-family: DejaVu Sans, sans-serif\"><span style=\"font-size: small\">passi m\u00e9s r\u00e0pid,<\/span><\/span><\/span><\/p>\n<p><span style=\"color: #000000\"><span style=\"font-family: DejaVu Sans, sans-serif\"><span style=\"font-size: small\">has d\u2019identificar els teus contactes estrets<\/span><\/span><\/span><\/p>\n<p><span style=\"color: #000000\"><span style=\"font-family: DejaVu Sans, sans-serif\"><span style=\"font-size: small\">a trav\u00e9s d\u2019un formulari <\/span><\/span><\/span><\/p>\n<p><span style=\"color: #000000\"><span style=\"font-family: DejaVu Sans, sans-serif\"><span style=\"font-size: small\">&#8211; com si tot es pogu\u00e9s avaluar -,<\/span><\/span><\/span><\/p>\n<p><span style=\"color: #000000\"><span style=\"font-family: DejaVu Sans, sans-serif\"><span style=\"font-size: small\">hauries de fer seguiment i vigil\u00e0ncia dels s\u00edmptomes<\/span><\/span><\/span><\/p>\n<p><span style=\"color: #000000\"><span style=\"font-family: DejaVu Sans, sans-serif\"><span style=\"font-size: small\">&#8211; tant de bo tot fos tan f\u00e0cil &#8211;<\/span><\/span><\/span><\/p>\n<p><span style=\"color: #000000\"><span style=\"font-family: DejaVu Sans, sans-serif\"><span style=\"font-size: small\">a\u00efllament domiciliari,<\/span><\/span><\/span><\/p>\n<p><span style=\"color: #000000\"><span style=\"font-family: DejaVu Sans, sans-serif\"><span style=\"font-size: small\">que fan que aquesta afecci\u00f3 de soledat augmentin,<\/span><\/span><\/span><\/p>\n<p><span style=\"color: #000000\"><span style=\"font-family: DejaVu Sans, sans-serif\"><span style=\"font-size: small\">com les ganes de sortir al carrer<\/span><\/span><\/span><\/p>\n<p><span style=\"color: #000000\"><span style=\"font-family: DejaVu Sans, sans-serif\"><span style=\"font-size: small\">i respirar l\u2019aire pur.<\/span><\/span><\/span><\/p>\n<p><span style=\"color: #000000\"><span style=\"font-family: DejaVu Sans, sans-serif\"><span style=\"font-size: small\">Recorda: la detecci\u00f3 preco\u00e7 dels propis mals<\/span><\/span><\/span><\/p>\n<p><span style=\"color: #000000\"><span style=\"font-family: DejaVu Sans, sans-serif\"><span style=\"font-size: small\">\u00e9s fonamental per mantenir<\/span><\/span><\/span><\/p>\n<p><span style=\"color: #000000\"><span style=\"font-family: DejaVu Sans, sans-serif\"><span style=\"font-size: small\">el control de la pand\u00e8mia.<\/span><\/span><\/span><\/p>\n<p><span style=\"color: #000000\"><span style=\"font-family: DejaVu Sans, sans-serif\"><span style=\"font-size: small\">Per m\u00e9s informaci\u00f3,<\/span><\/span><\/span><\/p>\n<p><span style=\"color: #000000\"><span style=\"font-family: DejaVu Sans, sans-serif\"><span style=\"font-size: small\">contacta directament<\/span><\/span><\/span><\/p>\n<p><span style=\"color: #000000\"><span style=\"font-family: DejaVu Sans, sans-serif\"><span style=\"font-size: small\">amb la teva intimitat.<\/span><\/span><\/span><\/p>\n<p align=\"right\"><a name=\"docs-internal-guid-69691f8f-7fff-888b-8be8-eddb5b5c7d33\"><\/a> <span style=\"font-family: DejaVu Sans, sans-serif\"><span style=\"font-size: small\"><span style=\"color: #000000\">Paula, Marc <\/span><span style=\"color: #000000\">i<\/span><span style=\"color: #000000\"> Berta <\/span><span style=\"color: #000000\">(2<\/span><span style=\"color: #000000\"><sup>n<\/sup><\/span><span style=\"color: #000000\"> ESO, Vedruna Cardona)<\/span><\/span><\/span><\/p>\n<p align=\"left\">\n<p align=\"left\">\n","protected":false},"excerpt":{"rendered":"<p>El Monstre de la Poesia segueix fent estralls arreu! Enguany s&#8217;ha colat fort als instituts, i est\u00e0 fent prou mal. Aqu\u00ed les mostres de les seq\u00fceles de l&#8217;experimentaci\u00f3 amb la connotaci\u00f3 dels colors, la metaforitzaci\u00f3 a trav\u00e9s del joc, l&#8217;arbre al nostre cam\u00ed o el poema-collage (inspirat en una idea de l&#8217;estimat Josep Pedrals) a &hellip; <\/p>\n<p class=\"link-more\"><a href=\"https:\/\/soniamoya.com\/index.php\/2021\/12\/28\/la-poesia-als-instituts\/\" class=\"more-link\">[ Llegir-ne + ]<span class=\"screen-reader-text\"> &#8220;La poesia als instituts&#8221;<\/span><\/a><\/p>\n","protected":false},"author":2,"featured_media":1241,"comment_status":"open","ping_status":"open","sticky":false,"template":"","format":"standard","meta":{"footnotes":""},"categories":[10],"tags":[75,77,76],"class_list":["post-1239","post","type-post","status-publish","format-standard","has-post-thumbnail","hentry","category-blog","tag-el-monstre-de-la-poesia","tag-escola-vedruna-cardona","tag-manresa-sis"],"_links":{"self":[{"href":"https:\/\/soniamoya.com\/index.php\/wp-json\/wp\/v2\/posts\/1239","targetHints":{"allow":["GET"]}}],"collection":[{"href":"https:\/\/soniamoya.com\/index.php\/wp-json\/wp\/v2\/posts"}],"about":[{"href":"https:\/\/soniamoya.com\/index.php\/wp-json\/wp\/v2\/types\/post"}],"author":[{"embeddable":true,"href":"https:\/\/soniamoya.com\/index.php\/wp-json\/wp\/v2\/users\/2"}],"replies":[{"embeddable":true,"href":"https:\/\/soniamoya.com\/index.php\/wp-json\/wp\/v2\/comments?post=1239"}],"version-history":[{"count":2,"href":"https:\/\/soniamoya.com\/index.php\/wp-json\/wp\/v2\/posts\/1239\/revisions"}],"predecessor-version":[{"id":1252,"href":"https:\/\/soniamoya.com\/index.php\/wp-json\/wp\/v2\/posts\/1239\/revisions\/1252"}],"wp:featuredmedia":[{"embeddable":true,"href":"https:\/\/soniamoya.com\/index.php\/wp-json\/wp\/v2\/media\/1241"}],"wp:attachment":[{"href":"https:\/\/soniamoya.com\/index.php\/wp-json\/wp\/v2\/media?parent=1239"}],"wp:term":[{"taxonomy":"category","embeddable":true,"href":"https:\/\/soniamoya.com\/index.php\/wp-json\/wp\/v2\/categories?post=1239"},{"taxonomy":"post_tag","embeddable":true,"href":"https:\/\/soniamoya.com\/index.php\/wp-json\/wp\/v2\/tags?post=1239"}],"curies":[{"name":"wp","href":"https:\/\/api.w.org\/{rel}","templated":true}]}}