{"id":1390,"date":"2023-04-23T16:11:21","date_gmt":"2023-04-23T16:11:21","guid":{"rendered":"https:\/\/soniamoya.com\/?p=1390"},"modified":"2023-04-23T16:16:16","modified_gmt":"2023-04-23T16:16:16","slug":"el-monstre-de-la-poesia-visita-cardona","status":"publish","type":"post","link":"https:\/\/soniamoya.com\/index.php\/2023\/04\/23\/el-monstre-de-la-poesia-visita-cardona\/","title":{"rendered":"El monstre de la poesia visita Cardona"},"content":{"rendered":"<p>Fa uns dies la colla de batxillerat de l&#8217;INS Sant Ramon, amb la seva estupenda professora Montse Cosp, van atrevir-se de valent amb el monstre de la poesia. Fruit d&#8217;aquesta experi\u00e8ncia s\u00f3n aquests poemes.<\/p>\n<p>Experi\u00e8ncies com aquesta fan la vida una mica m\u00e9s dol\u00e7a.<\/p>\n<p>&nbsp;<\/p>\n<p><span style=\"font-family: Liberation Serif, serif\"><b>Tot<\/b><\/span><\/p>\n<p><span style=\"font-family: Liberation Serif, serif\">No he fet res, res de res, no pas<\/span><\/p>\n<p><span style=\"font-family: Liberation Serif, serif\">res, no soc res, per\u00f2 soc aix\u00ed.<\/span><\/p>\n<p><span style=\"font-family: Liberation Serif, serif\">Aix\u00ed com? Aix\u00ed, com tothom?<\/span><\/p>\n<p><span style=\"font-family: Liberation Serif, serif\">No, jo soc un arbre que creix endins<\/span><\/p>\n<p><span style=\"font-family: Liberation Serif, serif\">Les meves arrels ocupen<\/span><\/p>\n<p><span style=\"font-family: Liberation Serif, serif\">m\u00e9s que el que ensenyo als altres,<\/span><\/p>\n<p><span style=\"font-family: Liberation Serif, serif\">i les vull mostrar, per\u00f2 ning\u00fa<\/span><\/p>\n<p><span style=\"font-family: Liberation Serif, serif\">pot, o vol, escoltar.<\/span><\/p>\n<p><span style=\"font-family: Liberation Serif, serif\">Per\u00f2 en mi no es veu res, res de res,<\/span><\/p>\n<p><span style=\"font-family: Liberation Serif, serif\">perqu\u00e8 no soc res, no mostro res,<\/span><\/p>\n<p><span style=\"font-family: Liberation Serif, serif\">per\u00f2 ja arribar\u00e0 alg\u00fa que no nom\u00e9s<\/span><\/p>\n<p><span style=\"font-family: Liberation Serif, serif\">contempli una tija que no es pot allargar.<\/span><\/p>\n<p><span style=\"font-family: Liberation Serif, serif\">Alg\u00fa veur\u00e0 les meves arrels<\/span><\/p>\n<p><span style=\"font-family: Liberation Serif, serif\">que creixen amagades per por,<\/span><\/p>\n<p><span style=\"font-family: Liberation Serif, serif\">que creixen avergonyides de com s\u00f3n,<\/span><\/p>\n<p><span style=\"font-family: Liberation Serif, serif\">I alg\u00fa veur\u00e0 que jo, que jo ho soc tot.<\/span><\/p>\n<p>&nbsp;<\/p>\n<p><span style=\"font-family: Liberation Serif, serif\">\u00a0\u00a0\u00a0\u00a0\u00a0\u00a0\u00a0\u00a0\u00a0\u00a0\u00a0\u00a0\u00a0\u00a0\u00a0\u00a0\u00a0\u00a0\u00a0\u00a0\u00a0 Arnau Caparroz Lucas \u2013 1r bat<\/span><\/p>\n<p>&nbsp;<\/p>\n<p align=\"left\"><span style=\"font-family: Liberation Serif, serif\"><b><span style=\"font-size: medium\">L<\/span><span style=\"font-size: medium\">a mar<\/span><\/b><\/span><\/p>\n<p align=\"left\"><span style=\"font-family: Liberation Serif, serif\"><span style=\"font-size: medium\">Si jo fos una cosa seria la mar<\/span><\/span><\/p>\n<p align=\"left\"><span style=\"font-family: Liberation Serif, serif\"><span style=\"font-size: medium\">Extremadament lliure, amb les seves onades incontrolables, <\/span><\/span><\/p>\n<p align=\"left\"><span style=\"font-family: Liberation Serif, serif\"><span style=\"font-size: medium\">per\u00f2, alhora delimitada per la terra.<\/span><\/span><\/p>\n<p align=\"left\"><span style=\"font-family: Liberation Serif, serif\"><span style=\"font-size: medium\">A vegades, sense cap ra\u00f3, violenta i destructora, <\/span><\/span><\/p>\n<p align=\"left\"><span style=\"font-family: Liberation Serif, serif\"><span style=\"font-size: medium\">d\u2019altres, calmada i riallera. <\/span><\/span><\/p>\n<p align=\"left\"><span style=\"font-family: Liberation Serif, serif\"><span style=\"font-size: medium\">A les parts m\u00e9s profundes dins meu hi ha foscor, <\/span><\/span><\/p>\n<p align=\"left\"><span style=\"font-family: Liberation Serif, serif\"><span style=\"font-size: medium\">a la superf\u00edcie, aigua cristal\u00b7lina. <\/span><\/span><\/p>\n<p align=\"left\"><span style=\"font-family: Liberation Serif, serif\"><span style=\"font-size: medium\">Tinc tanta pressi\u00f3 que mai ning\u00fa no em podr\u00e0 descobrir totalment,<\/span><\/span><\/p>\n<p align=\"left\"><span style=\"font-family: Liberation Serif, serif\"><span style=\"font-size: medium\">ni tan sols jo mateixa. <\/span><\/span><\/p>\n<p align=\"left\"><span style=\"font-family: Liberation Serif, serif\"><span style=\"font-size: medium\"> Joana Sala Xarpell \u2013 1r bat<\/span><\/span><\/p>\n<p align=\"left\"><span style=\"font-family: Liberation Serif, serif\"><span style=\"font-size: medium\">Una p\u00e0gina d&#8217;un llibre,<\/span><\/span><\/p>\n<p><span style=\"font-family: Liberation Serif, serif\">una p\u00e0gina que va i ve,<\/span><\/p>\n<p><span style=\"font-family: Liberation Serif, serif\">que est\u00e0 en constant moviment,<\/span><\/p>\n<p><span style=\"font-family: Liberation Serif, serif\">a vegades va parant.<\/span><\/p>\n<p><span style=\"font-family: Liberation Serif, serif\">Tot i parar, segueix;<\/span><\/p>\n<p><span style=\"font-family: Liberation Serif, serif\">mai no es queda en el mateix lloc,<\/span><\/p>\n<p><span style=\"font-family: Liberation Serif, serif\">segueix en moviment<\/span><\/p>\n<p><span style=\"font-family: Liberation Serif, serif\">a la recerca d&#8217;una hist\u00f2ria.<\/span><\/p>\n<p>&nbsp;<\/p>\n<p><span style=\"font-family: Liberation Serif, serif\">\u00a0\u00a0\u00a0\u00a0\u00a0\u00a0\u00a0\u00a0\u00a0\u00a0\u00a0\u00a0\u00a0\u00a0\u00a0\u00a0 Manal \u2013 1r bat<\/span><\/p>\n<p>&nbsp;<\/p>\n<p><a name=\"docs-internal-guid-319a5f05-7fff-a12a-2843-6186d91d2f7b\"><\/a> <span style=\"font-family: Liberation Serif, serif\"><span style=\"color: #000000\"><span style=\"font-size: small\"><b>Si jo fos<\/b><\/span><\/span><\/span><\/p>\n<p><span style=\"color: #000000\"><span style=\"font-family: Liberation Serif, serif\"><span style=\"font-size: small\">I si no s\u00e9 qu\u00e8 soc, qui soc?<\/span><\/span><\/span><\/p>\n<p><span style=\"color: #000000\"><span style=\"font-family: Liberation Serif, serif\"><span style=\"font-size: small\">Si realment el meu jo es una incertesa<\/span><\/span><\/span><\/p>\n<p><span style=\"color: #000000\"><span style=\"font-family: Liberation Serif, serif\"><span style=\"font-size: small\">No s\u00e9 com descriure\u2019m<\/span><\/span><\/span><\/p>\n<p><span style=\"color: #000000\"><span style=\"font-family: Liberation Serif, serif\"><span style=\"font-size: small\">Soc com una fulla,<\/span><\/span><\/span><\/p>\n<p><span style=\"color: #000000\"><span style=\"font-family: Liberation Serif, serif\"><span style=\"font-size: small\">una fulla que cau d\u2019un arbre i surt volant<\/span><\/span><\/span><\/p>\n<p><span style=\"color: #000000\"><span style=\"font-family: Liberation Serif, serif\"><span style=\"font-size: small\">Sense seguir un cam\u00ed, flueix<\/span><\/span><\/span><\/p>\n<p><span style=\"color: #000000\"><span style=\"font-family: Liberation Serif, serif\"><span style=\"font-size: small\">El vent, els arbres\u2026<\/span><\/span><\/span><\/p>\n<p><span style=\"color: #000000\"><span style=\"font-family: Liberation Serif, serif\"><span style=\"font-size: small\">tots els obstacles que es troba pel cam\u00ed li fan esquerdes<\/span><\/span><\/span><\/p>\n<p><span style=\"color: #000000\"><span style=\"font-family: Liberation Serif, serif\"><span style=\"font-size: small\">Unes esquerdes que a simple vista s\u00f3n irreparables<\/span><\/span><\/span><\/p>\n<p><span style=\"color: #000000\"><span style=\"font-family: Liberation Serif, serif\"><span style=\"font-size: small\">I, de cop, desapareixen<\/span><\/span><\/span><\/p>\n<p><span style=\"color: #000000\"><span style=\"font-family: Liberation Serif, serif\"><span style=\"font-size: small\">Em perdo en l\u2019horitz\u00f3 i segueixo el meu cam\u00ed conf\u00f3s<\/span><\/span><\/span><\/p>\n<p><span style=\"color: #000000\"><span style=\"font-family: Liberation Serif, serif\"><span style=\"font-size: small\">El cam\u00ed que m\u2019est\u00e0 marcant la vida<\/span><\/span><\/span><\/p>\n<p>&nbsp;<\/p>\n<p>\u00a0\u00a0\u00a0\u00a0\u00a0\u00a0\u00a0\u00a0\u00a0\u00a0 J\u00falia Haro Galera \u2013 1r bat<\/p>\n<p><span style=\"font-family: Liberation Serif, serif\">\u00a0\u00a0\u00a0\u00a0\u00a0\u00a0\u00a0\u00a0\u00a0\u00a0\u00a0\u00a0\u00a0\u00a0\u00a0 <img loading=\"lazy\" decoding=\"async\" class=\"alignnone size-medium wp-image-1391\" src=\"http:\/\/soniamoya.com\/wp-content\/uploads\/2023\/04\/IMG_20230331_121533-225x300.jpg\" alt=\"\" width=\"225\" height=\"300\" srcset=\"https:\/\/soniamoya.com\/wp-content\/uploads\/2023\/04\/IMG_20230331_121533-225x300.jpg 225w, https:\/\/soniamoya.com\/wp-content\/uploads\/2023\/04\/IMG_20230331_121533-768x1024.jpg 768w, https:\/\/soniamoya.com\/wp-content\/uploads\/2023\/04\/IMG_20230331_121533-1152x1536.jpg 1152w, https:\/\/soniamoya.com\/wp-content\/uploads\/2023\/04\/IMG_20230331_121533-1536x2048.jpg 1536w, https:\/\/soniamoya.com\/wp-content\/uploads\/2023\/04\/IMG_20230331_121533-scaled.jpg 1920w\" sizes=\"auto, (max-width: 225px) 100vw, 225px\" \/><\/span><\/p>\n","protected":false},"excerpt":{"rendered":"<p>Fa uns dies la colla de batxillerat de l&#8217;INS Sant Ramon, amb la seva estupenda professora Montse Cosp, van atrevir-se de valent amb el monstre de la poesia. Fruit d&#8217;aquesta experi\u00e8ncia s\u00f3n aquests poemes. Experi\u00e8ncies com aquesta fan la vida una mica m\u00e9s dol\u00e7a. &nbsp; Tot No he fet res, res de res, no pas &hellip; <\/p>\n<p class=\"link-more\"><a href=\"https:\/\/soniamoya.com\/index.php\/2023\/04\/23\/el-monstre-de-la-poesia-visita-cardona\/\" class=\"more-link\">[ Llegir-ne + ]<span class=\"screen-reader-text\"> &#8220;El monstre de la poesia visita Cardona&#8221;<\/span><\/a><\/p>\n","protected":false},"author":2,"featured_media":1391,"comment_status":"open","ping_status":"open","sticky":false,"template":"","format":"standard","meta":{"footnotes":""},"categories":[10],"tags":[],"class_list":["post-1390","post","type-post","status-publish","format-standard","has-post-thumbnail","hentry","category-blog"],"_links":{"self":[{"href":"https:\/\/soniamoya.com\/index.php\/wp-json\/wp\/v2\/posts\/1390","targetHints":{"allow":["GET"]}}],"collection":[{"href":"https:\/\/soniamoya.com\/index.php\/wp-json\/wp\/v2\/posts"}],"about":[{"href":"https:\/\/soniamoya.com\/index.php\/wp-json\/wp\/v2\/types\/post"}],"author":[{"embeddable":true,"href":"https:\/\/soniamoya.com\/index.php\/wp-json\/wp\/v2\/users\/2"}],"replies":[{"embeddable":true,"href":"https:\/\/soniamoya.com\/index.php\/wp-json\/wp\/v2\/comments?post=1390"}],"version-history":[{"count":3,"href":"https:\/\/soniamoya.com\/index.php\/wp-json\/wp\/v2\/posts\/1390\/revisions"}],"predecessor-version":[{"id":1394,"href":"https:\/\/soniamoya.com\/index.php\/wp-json\/wp\/v2\/posts\/1390\/revisions\/1394"}],"wp:featuredmedia":[{"embeddable":true,"href":"https:\/\/soniamoya.com\/index.php\/wp-json\/wp\/v2\/media\/1391"}],"wp:attachment":[{"href":"https:\/\/soniamoya.com\/index.php\/wp-json\/wp\/v2\/media?parent=1390"}],"wp:term":[{"taxonomy":"category","embeddable":true,"href":"https:\/\/soniamoya.com\/index.php\/wp-json\/wp\/v2\/categories?post=1390"},{"taxonomy":"post_tag","embeddable":true,"href":"https:\/\/soniamoya.com\/index.php\/wp-json\/wp\/v2\/tags?post=1390"}],"curies":[{"name":"wp","href":"https:\/\/api.w.org\/{rel}","templated":true}]}}