{"id":1461,"date":"2023-11-15T05:44:48","date_gmt":"2023-11-15T05:44:48","guid":{"rendered":"https:\/\/soniamoya.com\/?p=1461"},"modified":"2023-11-15T05:44:50","modified_gmt":"2023-11-15T05:44:50","slug":"largelaga-va-cremar","status":"publish","type":"post","link":"https:\/\/soniamoya.com\/index.php\/2023\/11\/15\/largelaga-va-cremar\/","title":{"rendered":"L&#8217;argelaga va cremar"},"content":{"rendered":"<p>Dissabte 11 de novembre vam estrenar l&#8217;Argelaga del desig, amb Lu Rois i Santi Careta, gr\u00e0cies a la confian\u00e7a de la Fundaci\u00f3 Miquel Mart\u00ed i Pol i el seu cicle Amb Veu Pr\u00f2pia.<\/p>\n<p>Un gust de p\u00fablic, d&#8217;organitzaci\u00f3 i, sobretot, de companys. Tenim una nova criatura, i \u00e9s meravellosa.<\/p>\n<p>I aqu\u00ed el regal\u00e0s de les fotos l&#8217;Edu Morat\u00f3, de C\u00e0rdali.<\/p>\n<p>Seguirem sembrant argelagues.<\/p>\n<p>&nbsp;<\/p>\n<p><img loading=\"lazy\" decoding=\"async\" class=\"alignnone size-medium wp-image-1463\" src=\"http:\/\/soniamoya.com\/wp-content\/uploads\/2023\/11\/MG_4137-300x200.jpg\" alt=\"\" width=\"300\" height=\"200\" srcset=\"https:\/\/soniamoya.com\/wp-content\/uploads\/2023\/11\/MG_4137-300x200.jpg 300w, https:\/\/soniamoya.com\/wp-content\/uploads\/2023\/11\/MG_4137-1024x683.jpg 1024w, https:\/\/soniamoya.com\/wp-content\/uploads\/2023\/11\/MG_4137-768x512.jpg 768w, https:\/\/soniamoya.com\/wp-content\/uploads\/2023\/11\/MG_4137.jpg 1476w\" sizes=\"auto, (max-width: 300px) 100vw, 300px\" \/> <img loading=\"lazy\" decoding=\"async\" class=\"alignnone size-medium wp-image-1465\" src=\"http:\/\/soniamoya.com\/wp-content\/uploads\/2023\/11\/MG_4493-300x200.jpg\" alt=\"\" width=\"300\" height=\"200\" srcset=\"https:\/\/soniamoya.com\/wp-content\/uploads\/2023\/11\/MG_4493-300x200.jpg 300w, https:\/\/soniamoya.com\/wp-content\/uploads\/2023\/11\/MG_4493-1024x683.jpg 1024w, https:\/\/soniamoya.com\/wp-content\/uploads\/2023\/11\/MG_4493-768x512.jpg 768w, https:\/\/soniamoya.com\/wp-content\/uploads\/2023\/11\/MG_4493.jpg 1476w\" sizes=\"auto, (max-width: 300px) 100vw, 300px\" \/> <img loading=\"lazy\" decoding=\"async\" class=\"alignnone size-medium wp-image-1464\" src=\"http:\/\/soniamoya.com\/wp-content\/uploads\/2023\/11\/MG_4554-300x200.jpg\" alt=\"\" width=\"300\" height=\"200\" srcset=\"https:\/\/soniamoya.com\/wp-content\/uploads\/2023\/11\/MG_4554-300x200.jpg 300w, https:\/\/soniamoya.com\/wp-content\/uploads\/2023\/11\/MG_4554-1024x683.jpg 1024w, https:\/\/soniamoya.com\/wp-content\/uploads\/2023\/11\/MG_4554-768x512.jpg 768w, https:\/\/soniamoya.com\/wp-content\/uploads\/2023\/11\/MG_4554.jpg 1476w\" sizes=\"auto, (max-width: 300px) 100vw, 300px\" \/> <img loading=\"lazy\" decoding=\"async\" class=\"alignnone size-medium wp-image-1468\" src=\"http:\/\/soniamoya.com\/wp-content\/uploads\/2023\/11\/MG_4243-300x200.jpg\" alt=\"\" width=\"300\" height=\"200\" srcset=\"https:\/\/soniamoya.com\/wp-content\/uploads\/2023\/11\/MG_4243-300x200.jpg 300w, https:\/\/soniamoya.com\/wp-content\/uploads\/2023\/11\/MG_4243-1024x683.jpg 1024w, https:\/\/soniamoya.com\/wp-content\/uploads\/2023\/11\/MG_4243-768x512.jpg 768w, https:\/\/soniamoya.com\/wp-content\/uploads\/2023\/11\/MG_4243.jpg 1476w\" sizes=\"auto, (max-width: 300px) 100vw, 300px\" \/><\/p>\n<p>&nbsp;<\/p>\n","protected":false},"excerpt":{"rendered":"<p>Dissabte 11 de novembre vam estrenar l&#8217;Argelaga del desig, amb Lu Rois i Santi Careta, gr\u00e0cies a la confian\u00e7a de la Fundaci\u00f3 Miquel Mart\u00ed i Pol i el seu cicle Amb Veu Pr\u00f2pia. Un gust de p\u00fablic, d&#8217;organitzaci\u00f3 i, sobretot, de companys. Tenim una nova criatura, i \u00e9s meravellosa. I aqu\u00ed el regal\u00e0s de les &hellip; <\/p>\n<p class=\"link-more\"><a href=\"https:\/\/soniamoya.com\/index.php\/2023\/11\/15\/largelaga-va-cremar\/\" class=\"more-link\">[ Llegir-ne + ]<span class=\"screen-reader-text\"> &#8220;L&#8217;argelaga va cremar&#8221;<\/span><\/a><\/p>\n","protected":false},"author":2,"featured_media":1472,"comment_status":"open","ping_status":"open","sticky":false,"template":"","format":"standard","meta":{"footnotes":""},"categories":[10],"tags":[],"class_list":["post-1461","post","type-post","status-publish","format-standard","has-post-thumbnail","hentry","category-blog"],"_links":{"self":[{"href":"https:\/\/soniamoya.com\/index.php\/wp-json\/wp\/v2\/posts\/1461","targetHints":{"allow":["GET"]}}],"collection":[{"href":"https:\/\/soniamoya.com\/index.php\/wp-json\/wp\/v2\/posts"}],"about":[{"href":"https:\/\/soniamoya.com\/index.php\/wp-json\/wp\/v2\/types\/post"}],"author":[{"embeddable":true,"href":"https:\/\/soniamoya.com\/index.php\/wp-json\/wp\/v2\/users\/2"}],"replies":[{"embeddable":true,"href":"https:\/\/soniamoya.com\/index.php\/wp-json\/wp\/v2\/comments?post=1461"}],"version-history":[{"count":2,"href":"https:\/\/soniamoya.com\/index.php\/wp-json\/wp\/v2\/posts\/1461\/revisions"}],"predecessor-version":[{"id":1474,"href":"https:\/\/soniamoya.com\/index.php\/wp-json\/wp\/v2\/posts\/1461\/revisions\/1474"}],"wp:featuredmedia":[{"embeddable":true,"href":"https:\/\/soniamoya.com\/index.php\/wp-json\/wp\/v2\/media\/1472"}],"wp:attachment":[{"href":"https:\/\/soniamoya.com\/index.php\/wp-json\/wp\/v2\/media?parent=1461"}],"wp:term":[{"taxonomy":"category","embeddable":true,"href":"https:\/\/soniamoya.com\/index.php\/wp-json\/wp\/v2\/categories?post=1461"},{"taxonomy":"post_tag","embeddable":true,"href":"https:\/\/soniamoya.com\/index.php\/wp-json\/wp\/v2\/tags?post=1461"}],"curies":[{"name":"wp","href":"https:\/\/api.w.org\/{rel}","templated":true}]}}