{"id":1591,"date":"2024-04-30T04:28:31","date_gmt":"2024-04-30T04:28:31","guid":{"rendered":"https:\/\/soniamoya.com\/?p=1591"},"modified":"2024-04-30T04:28:38","modified_gmt":"2024-04-30T04:28:38","slug":"el-monstre-de-la-poesia-al-manresa-sis","status":"publish","type":"post","link":"https:\/\/soniamoya.com\/index.php\/2024\/04\/30\/el-monstre-de-la-poesia-al-manresa-sis\/","title":{"rendered":"El monstre de la poesia al Manresa SIS"},"content":{"rendered":"<p>Tot i que ja fa uns dies, el Monstre va fer parada a l&#8217;INS Manresa SIS, que ja \u00e9s gaireb\u00e9 com casa seva, perqu\u00e8 fa anys que, de tant en tant, hi fa una visita. La creativitat, com sempre, destaca en el seu alumnat. Aqu\u00ed dues mostres de tot el que van escriure!<\/p>\n<p>&nbsp;<\/p>\n<p><img loading=\"lazy\" decoding=\"async\" class=\"alignnone size-medium wp-image-1593\" src=\"http:\/\/soniamoya.com\/wp-content\/uploads\/2024\/04\/Manresa_SIS_2324_1-225x300.jpeg\" alt=\"\" width=\"225\" height=\"300\" srcset=\"https:\/\/soniamoya.com\/wp-content\/uploads\/2024\/04\/Manresa_SIS_2324_1-225x300.jpeg 225w, https:\/\/soniamoya.com\/wp-content\/uploads\/2024\/04\/Manresa_SIS_2324_1-768x1024.jpeg 768w, https:\/\/soniamoya.com\/wp-content\/uploads\/2024\/04\/Manresa_SIS_2324_1-1152x1536.jpeg 1152w, https:\/\/soniamoya.com\/wp-content\/uploads\/2024\/04\/Manresa_SIS_2324_1.jpeg 1200w\" sizes=\"auto, (max-width: 225px) 100vw, 225px\" \/> <img loading=\"lazy\" decoding=\"async\" class=\"alignnone size-medium wp-image-1594\" src=\"http:\/\/soniamoya.com\/wp-content\/uploads\/2024\/04\/Manresa_SIS_2324_2.jpeg-300x225.jpeg\" alt=\"\" width=\"300\" height=\"225\" srcset=\"https:\/\/soniamoya.com\/wp-content\/uploads\/2024\/04\/Manresa_SIS_2324_2.jpeg-300x225.jpeg 300w, https:\/\/soniamoya.com\/wp-content\/uploads\/2024\/04\/Manresa_SIS_2324_2.jpeg-1024x768.jpeg 1024w, https:\/\/soniamoya.com\/wp-content\/uploads\/2024\/04\/Manresa_SIS_2324_2.jpeg-768x576.jpeg 768w, https:\/\/soniamoya.com\/wp-content\/uploads\/2024\/04\/Manresa_SIS_2324_2.jpeg-1536x1152.jpeg 1536w, https:\/\/soniamoya.com\/wp-content\/uploads\/2024\/04\/Manresa_SIS_2324_2.jpeg.jpeg 1600w\" sizes=\"auto, (max-width: 300px) 100vw, 300px\" \/> <img loading=\"lazy\" decoding=\"async\" class=\"alignnone size-medium wp-image-1595\" src=\"http:\/\/soniamoya.com\/wp-content\/uploads\/2024\/04\/Manresa_SIS_2324_3-225x300.jpeg\" alt=\"\" width=\"225\" height=\"300\" srcset=\"https:\/\/soniamoya.com\/wp-content\/uploads\/2024\/04\/Manresa_SIS_2324_3-225x300.jpeg 225w, https:\/\/soniamoya.com\/wp-content\/uploads\/2024\/04\/Manresa_SIS_2324_3-768x1024.jpeg 768w, https:\/\/soniamoya.com\/wp-content\/uploads\/2024\/04\/Manresa_SIS_2324_3-1152x1536.jpeg 1152w, https:\/\/soniamoya.com\/wp-content\/uploads\/2024\/04\/Manresa_SIS_2324_3.jpeg 1200w\" sizes=\"auto, (max-width: 225px) 100vw, 225px\" \/><\/p>\n<p>&nbsp;<\/p>\n<p><span style=\"color: #000000\"><span style=\"font-family: Arial, sans-serif\"><span style=\"font-size: medium\"><b>ARACNE<\/b><\/span><\/span><\/span><\/p>\n<p><span style=\"color: #000000\"><span style=\"font-family: Arial, sans-serif\"><span style=\"font-size: medium\">No vaig poder aguantar el dolor,<\/span><\/span><\/span><\/p>\n<p><span style=\"color: #000000\"><span style=\"font-family: Arial, sans-serif\"><span style=\"font-size: medium\">em consumia la r\u00e0bia<\/span><\/span><\/span><\/p>\n<p><span style=\"color: #000000\"><span style=\"font-family: Arial, sans-serif\"><span style=\"font-size: medium\">en veure els fils estripats<\/span><\/span><\/span><\/p>\n<p><span style=\"color: #000000\"><span style=\"font-family: Arial, sans-serif\"><span style=\"font-size: medium\">i el tap\u00eds descosit.<\/span><\/span><\/span><\/p>\n<p><span style=\"color: #000000\"><span style=\"font-family: Arial, sans-serif\"><span style=\"font-size: medium\">Tot l&#8217;art que he compartit<\/span><\/span><\/span><\/p>\n<p><span style=\"color: #000000\"><span style=\"font-family: Arial, sans-serif\"><span style=\"font-size: medium\">esquin\u00e7at per la llan\u00e7a d&#8217;Atena.<\/span><\/span><\/span><\/p>\n<p><span style=\"color: #000000\"><span style=\"font-family: Arial, sans-serif\"><span style=\"font-size: medium\">Nom\u00e9s puc fugir.<\/span><\/span><\/span><\/p>\n<p><span style=\"color: #000000\"><span style=\"font-family: Arial, sans-serif\"><span style=\"font-size: medium\">No vull viure aix\u00ed.<\/span><\/span><\/span><\/p>\n<p><span style=\"color: #000000\"><span style=\"font-family: Arial, sans-serif\"><span style=\"font-size: medium\">No puc viure aix\u00ed.<\/span><\/span><\/span><\/p>\n<p><span style=\"color: #000000\"><span style=\"font-family: Arial, sans-serif\"><span style=\"font-size: medium\">Mentre m&#8217;envolto el cintur\u00f3 al voltant del coll<\/span><\/span><\/span><\/p>\n<p><span style=\"color: #000000\"><span style=\"font-family: Arial, sans-serif\"><span style=\"font-size: medium\">i les ll\u00e0grimes llisquen per les meves galtes,<\/span><\/span><\/span><\/p>\n<p><span style=\"color: #000000\"><span style=\"font-family: Arial, sans-serif\"><span style=\"font-size: medium\">sento com els bra\u00e7os es tornen potes<\/span><\/span><\/span><\/p>\n<p><span style=\"color: #000000\"><span style=\"font-family: Arial, sans-serif\"><span style=\"font-size: medium\">em faig xica.<\/span><\/span><\/span><\/p>\n<p><span style=\"color: #000000\"><span style=\"font-family: Arial, sans-serif\"><span style=\"font-size: medium\">Nom\u00e9s teixir\u00e9 entre les ombres<\/span><\/span><\/span><\/p>\n<p><span style=\"color: #000000\"><span style=\"font-family: Arial, sans-serif\"><span style=\"font-size: medium\">com una bestiola<\/span><\/span><\/span><\/p>\n<p><span style=\"color: #000000\"><span style=\"font-family: Arial, sans-serif\"><span style=\"font-size: medium\">i la natura em rebr\u00e0 entre els seus.<\/span><\/span><\/span><\/p>\n<p><span style=\"color: #000000\">(Lluna Mateu i Bar\u00e9s)<\/span><\/p>\n<p>&nbsp;<\/p>\n<p><strong><span style=\"color: #000000\">INCENDI<\/span><\/strong><\/p>\n<p><span style=\"color: #000000\">Conservi aquest prospecte,<\/span><\/p>\n<p><span style=\"color: #000000\">Ja que pot haver de tornar-lo a llegir.<\/span><\/p>\n<p><span style=\"color: #000000\">Com extingir aquest dolor que crema,<\/span><\/p>\n<p><span style=\"color: #000000\">Que necessita saber abans de comen\u00e7ar a prendre anelg\u00e8sic,<\/span><\/p>\n<p><span style=\"color: #000000\">les cendres d&#8217;un foc passat, segueixen volant,<\/span><\/p>\n<p><span style=\"color: #000000\">ja no cremen per\u00f2 hi s\u00f3n presents,<\/span><\/p>\n<p><span style=\"color: #000000\">aquest medicament se li ha receptat nom\u00e9s a vost\u00e8,<\/span><\/p>\n<p><span style=\"color: #000000\">no li ha de donar a altres persones,<\/span><\/p>\n<p><span style=\"color: #000000\">encara que tinguin els mateixos s\u00edmptomes.<\/span><\/p>\n<p><span style=\"color: #000000\">Mira al teu voltant, \u00fanicament hi ets tu<\/span><\/p>\n<p><span style=\"color: #000000\">tu, les cendres i el foc.<\/span><\/p>\n<p><span style=\"color: #000000\">Si el dolor es mant\u00e9 durant m\u00e9s de 5 dies,<\/span><\/p>\n<p><span style=\"color: #000000\">s&#8217;ha d&#8217;interrompre el tractament,<\/span><\/p>\n<p><span style=\"color: #000000\">i consultar al metge.<\/span><\/p>\n<p><span style=\"color: #000000\">No hi ha extintors,<\/span><\/p>\n<p><span style=\"color: #000000\">I si no s&#8217;apaga?<\/span><\/p>\n<p><span style=\"color: #000000\">I si es fa m\u00e9s gran?<\/span><\/p>\n<p><span style=\"color: #000000\">Seguir\u00e0s endavant i de mica en mica,<\/span><\/p>\n<p><span style=\"color: #000000\">el foc deixar\u00e0 de cremar.<\/span><\/p>\n<p><span style=\"color: #000000\">(N\u00faria Massan\u00e9s)<\/span><\/p>\n","protected":false},"excerpt":{"rendered":"<p>Tot i que ja fa uns dies, el Monstre va fer parada a l&#8217;INS Manresa SIS, que ja \u00e9s gaireb\u00e9 com casa seva, perqu\u00e8 fa anys que, de tant en tant, hi fa una visita. La creativitat, com sempre, destaca en el seu alumnat. Aqu\u00ed dues mostres de tot el que van escriure! &nbsp; &nbsp; &hellip; <\/p>\n<p class=\"link-more\"><a href=\"https:\/\/soniamoya.com\/index.php\/2024\/04\/30\/el-monstre-de-la-poesia-al-manresa-sis\/\" class=\"more-link\">[ Llegir-ne + ]<span class=\"screen-reader-text\"> &#8220;El monstre de la poesia al Manresa SIS&#8221;<\/span><\/a><\/p>\n","protected":false},"author":2,"featured_media":1593,"comment_status":"open","ping_status":"open","sticky":false,"template":"","format":"standard","meta":{"footnotes":""},"categories":[1],"tags":[],"class_list":["post-1591","post","type-post","status-publish","format-standard","has-post-thumbnail","hentry","category-sin-categoria"],"_links":{"self":[{"href":"https:\/\/soniamoya.com\/index.php\/wp-json\/wp\/v2\/posts\/1591","targetHints":{"allow":["GET"]}}],"collection":[{"href":"https:\/\/soniamoya.com\/index.php\/wp-json\/wp\/v2\/posts"}],"about":[{"href":"https:\/\/soniamoya.com\/index.php\/wp-json\/wp\/v2\/types\/post"}],"author":[{"embeddable":true,"href":"https:\/\/soniamoya.com\/index.php\/wp-json\/wp\/v2\/users\/2"}],"replies":[{"embeddable":true,"href":"https:\/\/soniamoya.com\/index.php\/wp-json\/wp\/v2\/comments?post=1591"}],"version-history":[{"count":4,"href":"https:\/\/soniamoya.com\/index.php\/wp-json\/wp\/v2\/posts\/1591\/revisions"}],"predecessor-version":[{"id":1598,"href":"https:\/\/soniamoya.com\/index.php\/wp-json\/wp\/v2\/posts\/1591\/revisions\/1598"}],"wp:featuredmedia":[{"embeddable":true,"href":"https:\/\/soniamoya.com\/index.php\/wp-json\/wp\/v2\/media\/1593"}],"wp:attachment":[{"href":"https:\/\/soniamoya.com\/index.php\/wp-json\/wp\/v2\/media?parent=1591"}],"wp:term":[{"taxonomy":"category","embeddable":true,"href":"https:\/\/soniamoya.com\/index.php\/wp-json\/wp\/v2\/categories?post=1591"},{"taxonomy":"post_tag","embeddable":true,"href":"https:\/\/soniamoya.com\/index.php\/wp-json\/wp\/v2\/tags?post=1591"}],"curies":[{"name":"wp","href":"https:\/\/api.w.org\/{rel}","templated":true}]}}